{"id":3777,"date":"2023-03-24T20:26:05","date_gmt":"2023-03-24T19:26:05","guid":{"rendered":"https:\/\/diecezja.bielsko.pl\/dla-rodziny\/?p=3777"},"modified":"2023-03-24T20:26:05","modified_gmt":"2023-03-24T19:26:05","slug":"dr-n-med-elzbieta-kortyczko-dziecko-ma-prawo-urodzic-sie-jako-owoc-milosci","status":"publish","type":"post","link":"https:\/\/diecezja.bielsko.pl\/dla-rodziny\/dr-n-med-elzbieta-kortyczko-dziecko-ma-prawo-urodzic-sie-jako-owoc-milosci\/","title":{"rendered":"Dr n. med. El\u017cbieta Kortyczko: dziecko ma prawo urodzi\u0107 si\u0119 jako owoc mi\u0142o\u015bci"},"content":{"rendered":"<p style=\"font-weight: 400\">\u201eJe\u017celi mamy do czynienia z nowym \u017cyciem, to czy mo\u017cemy je zabija\u0107, czy mo\u017cemy nim manipulowa\u0107, czy mamy prawo pocz\u0119tego cz\u0142owieka zamra\u017ca\u0107?\u201d \u2013 to s\u0105 pytania, kt\u00f3re, zdaniem dr nauk medycznych El\u017cbiety Kortyczko, powinny rodzi\u0107 si\u0119 w zetkni\u0119ciu z nowoczesnymi technikami zap\u0142odnienia pozaustrojowego. Prezes Katolickiego Stowarzyszenia Lekarzy Polskich zaznacza, \u017ce prawd\u0119 o procedurze in vitro, bez wzgl\u0119du na to, jak bardzo ukryt\u0105, nale\u017cy stara\u0107 si\u0119 wydobywa\u0107 na \u015bwiat\u0142o dzienne.<\/p>\n<p style=\"font-weight: 400\">Jak podkre\u015bla neonatolog, procedura zap\u0142odnienia pozaustrojowego realizowana jest w warunkach nienaturalnych. \u201eCho\u0107 zespo\u0142y pracuj\u0105ce w klinikach staraj\u0105 si\u0119 stwarza\u0107 warunki bardzo zbli\u017cone do naturalnych, to jednak sam proces zap\u0142odnienia odbywa si\u0119 na szkle, na szalkach laboratoryjnych, w inkubatorze.<\/p>\n<p><img loading=\"lazy\" decoding=\"async\" class=\"alignnone size-full wp-image-3786\" src=\"https:\/\/diecezja.bielsko.pl\/dla-rodziny\/wp-content\/uploads\/sites\/3\/2023\/03\/501785_Wy69_ElC5BCbieta20Kortyczko_83.png.webp_.png\" alt=\"\" width=\"1000\" height=\"562\" srcset=\"https:\/\/diecezja.bielsko.pl\/dla-rodziny\/wp-content\/uploads\/sites\/3\/2023\/03\/501785_Wy69_ElC5BCbieta20Kortyczko_83.png.webp_.png 1000w, https:\/\/diecezja.bielsko.pl\/dla-rodziny\/wp-content\/uploads\/sites\/3\/2023\/03\/501785_Wy69_ElC5BCbieta20Kortyczko_83.png.webp_-600x337.png 600w, https:\/\/diecezja.bielsko.pl\/dla-rodziny\/wp-content\/uploads\/sites\/3\/2023\/03\/501785_Wy69_ElC5BCbieta20Kortyczko_83.png.webp_-300x169.png 300w, https:\/\/diecezja.bielsko.pl\/dla-rodziny\/wp-content\/uploads\/sites\/3\/2023\/03\/501785_Wy69_ElC5BCbieta20Kortyczko_83.png.webp_-640x360.png 640w\" sizes=\"auto, (max-width: 1000px) 100vw, 1000px\" \/><\/p>\n<h6>fot. Radio eM<\/h6>\n<p style=\"font-weight: 400\">\u00a0\u201eBardzo nik\u0142a jest spo\u0142eczna \u015bwiadomo\u015b\u0107, \u017ce istota zap\u0142odnienia in vitro polega w\u0142a\u015bnie na \u0142amaniu naturalnych barier (in vitro to gwa\u0142t na naturze), uniemo\u017cliwiaj\u0105cych zap\u0142odnienie w przypadkach, kt\u00f3re skutkowa\u0142yby r\u00f3\u017cnorakimi defektami genomu\u201d \u2013 cytuje za prof. Andrzejem Lewandowiczem.<\/p>\n<p style=\"font-weight: 400\">\u201ePublikacje \u015bwiatowe, w tym tak\u017ce kliniki zajmuj\u0105ce si\u0119 t\u0105 procedur\u0105, wskazuj\u0105 na zagro\u017cenia dla matki i dziecka, jakie niesie ta metoda\u201d \u2013 zauwa\u017ca.<\/p>\n<p style=\"font-weight: 400\">Zwraca uwag\u0119, \u017ce zaburzenia chromosomowe na skutek procedury IVF s\u0105 wi\u0119ksze ani\u017celi w og\u00f3lnej populacji. \u201eW og\u00f3lnej populacji te\u017c si\u0119 zdarzaj\u0105, jednak tutaj s\u0105 wi\u0119ksze. Wi\u0119ksza jest cz\u0119sto\u015b\u0107 wyst\u0119powania wad serca, wad przewodu pokarmowego, zaro\u015bni\u0119cia prze\u0142yku, odbytu, rozszczepu wargi, podniebienia. I jest to cz\u0119stotliwo\u015b\u0107 dwa lub wi\u0119cej razy wi\u0119ksza, ani\u017celi w ca\u0142ej populacji. Cz\u0119stsze s\u0105 defekty uk\u0142adu moczowo-p\u0142ciowego u ch\u0142opc\u00f3w, wi\u0119cej zabieg\u00f3w chirurgicznych do 5. roku \u017cycia, wi\u0119cej jest przypadk\u00f3w \u015bmierci oko\u0142oporodowej, wcze\u015bniactwa. Wi\u0119ksze jest ryzyko martwego urodzenia, niskiej masy urodzeniowej lub gigantyzmu p\u0142odowego. Literatura fachowa m\u00f3wi te\u017c o wi\u0119kszej cz\u0119sto\u015bci m\u00f3zgowego pora\u017cenia dzieci\u0119cego\u201d \u2013 wylicza.<\/p>\n<p><img loading=\"lazy\" decoding=\"async\" class=\"alignnone size-full wp-image-3784\" src=\"https:\/\/diecezja.bielsko.pl\/dla-rodziny\/wp-content\/uploads\/sites\/3\/2023\/03\/336812737_1398861234220641_4729943100924236027_n.jpg\" alt=\"\" width=\"1000\" height=\"836\" srcset=\"https:\/\/diecezja.bielsko.pl\/dla-rodziny\/wp-content\/uploads\/sites\/3\/2023\/03\/336812737_1398861234220641_4729943100924236027_n.jpg 1000w, https:\/\/diecezja.bielsko.pl\/dla-rodziny\/wp-content\/uploads\/sites\/3\/2023\/03\/336812737_1398861234220641_4729943100924236027_n-600x502.jpg 600w, https:\/\/diecezja.bielsko.pl\/dla-rodziny\/wp-content\/uploads\/sites\/3\/2023\/03\/336812737_1398861234220641_4729943100924236027_n-300x251.jpg 300w\" sizes=\"auto, (max-width: 1000px) 100vw, 1000px\" \/><\/p>\n<p style=\"font-weight: 400\">Dodaje, \u017ce odnotowano w historii zgony kobiet, kt\u00f3re uczestniczy\u0142y w procedurze in vitro. Mia\u0142o to zwi\u0105zek m.in. z powik\u0142aniami b\u0119d\u0105cymi rezultatem hiperstymulacji jajnik\u00f3w.<\/p>\n<p style=\"font-weight: 400\">Wed\u0142ug pediatry z Kliniki Intensywnej Terapii i Patologii Noworodka G\u00f3rno\u015bl\u0105skiego Centrum Zdrowia Dziecka w Katowicach, dziecko ma prawo urodzi\u0107 si\u0119 jako owoc mi\u0142o\u015bci, a nie jako przedmiot ch\u0119ci posiadania.<\/p>\n<p style=\"font-weight: 400\">\u201eTo jest uprzedmiotowienie cz\u0142owieka, a cz\u0142owiek jest podmiotem. Ka\u017cdy cz\u0142owiek ma godno\u015b\u0107 wrodzon\u0105: od momentu pocz\u0119cia. \u017bycie zaczyna si\u0119 w momencie po\u0142\u0105czenia materia\u0142u genetycznego ojca i matki. Wpisane jest w \u017cyw\u0105 materi\u0119. Nie ma \u017cycia przedludzkiego. To nie jest zlepek kom\u00f3rek czy tkanka, jak mo\u017cemy us\u0142ysze\u0107. To jest nowy cz\u0142owiek\u201d \u2013 podkre\u015bla. Wszystkie dzieci pocz\u0119te, tak\u017ce te pocz\u0119te in vitro, tak\u017ce te zamro\u017cone w ciek\u0142ym azocie, maj\u0105 niezbywaln\u0105 godno\u015b\u0107 osoby ludzkiej.<\/p>\n<p style=\"font-weight: 400\">Przyznaje jednocze\u015bnie, \u017ce wielu rodzic\u00f3w ogromnie cierpi z powodu niep\u0142odno\u015bci, niemo\u017cno\u015bci doczekania si\u0119 potomstwa. \u201eJednak cel nie mo\u017ce u\u015bwi\u0119ca\u0107 \u015brodk\u00f3w. Czy my mo\u017cemy produkowa\u0107 cz\u0142owieka? Bo na tym polega technika in vitro &#8211; na doprowadzeniu do po\u0142\u0105czenia kom\u00f3rki jajowej i plemnika na szkle, \u017ceby w tych zespolonych gametach dosz\u0142o do fuzji materia\u0142u genetycznego i \u017ceby powsta\u0142 nowy cz\u0142owiek\u201d \u2013 zauwa\u017ca i za Janem Paw\u0142em II powtarza, \u017ce z procedur\u0105 in vitro zwi\u0105zana jest wielka niesprawiedliwo\u015b\u0107 nie do naprawienia. Oto miliony istot ludzkich zostaje zamro\u017conych w temperaturze ciek\u0142ego azotu (minus 196 stopni Celsjusza).<\/p>\n<p style=\"font-weight: 400\">\u201eBardzo wsp\u00f3\u0142czujemy tym ma\u0142\u017ce\u0144stwom, kt\u00f3re nie mog\u0105 si\u0119 doczeka\u0107 potomstwa, ale nie t\u0119dy droga. Czy my mo\u017cemy stawia\u0107 si\u0119 w miejscu Boga?\u201d \u2013 pyta i zauwa\u017ca, \u017ce zaburzenia genetyczne cz\u0119sto ujawniaj\u0105 si\u0119 dopiero w trzecim pokoleniu. Jak przyznaje, dot\u0105d obserwacje konsekwencji, jakie ma procedura in vitro na zdrowie dzieci nie s\u0105 d\u0142ugie. Przypomina, \u017ce pierwsze na \u015bwiecie dziecko z prob\u00f3wki Louise Brown urodzi\u0142a si\u0119 w 1978, a w Polsce 1987.<\/p>\n<p style=\"font-weight: 400\">Dr El\u017cbieta Kortyczko uwa\u017ca, \u017ce du\u017ce szanse na naturalne urodzenie dziecka daje dzi\u015b naprotechnologia. Zwraca uwag\u0119, \u017ce dr. Tadeusz Wasilewski, znany w Polsce propagator naprotechnologii, kiedy\u015b pracowa\u0142 w klinice in vitro i nale\u017ca\u0142 do najlepszych specjalist\u00f3w tej techniki zap\u0142odnienia. Wyja\u015bnia, \u017ce tw\u00f3rc\u0105 naprotechnologii jest prof. Thomas W. Hilgers z USA. Kluczem do skutecznego leczenia niep\u0142odno\u015bci by\u0142o dla niego rozeznanie naturalnego rytmu p\u0142odno\u015bci kobiety. Ma to u\u0142atwi\u0107 tzw. model Creightona, opieraj\u0105cy si\u0119 kilkumiesi\u0119cznej obserwacji cyklu kobiety.<\/p>\n<!--[if lt IE 9]><script>document.createElement('audio');<\/script><![endif]-->\n<audio class=\"wp-audio-shortcode\" id=\"audio-3777-1\" preload=\"none\" style=\"width: 100%;\" controls=\"controls\"><source type=\"audio\/mpeg\" src=\"https:\/\/diecezja.bielsko.pl\/dla-rodziny\/wp-content\/uploads\/sites\/3\/2023\/03\/dr_kortyczko_vitro.mp3?_=1\" \/><a href=\"https:\/\/diecezja.bielsko.pl\/dla-rodziny\/wp-content\/uploads\/sites\/3\/2023\/03\/dr_kortyczko_vitro.mp3\">https:\/\/diecezja.bielsko.pl\/dla-rodziny\/wp-content\/uploads\/sites\/3\/2023\/03\/dr_kortyczko_vitro.mp3<\/a><\/audio>\n<p><img loading=\"lazy\" decoding=\"async\" class=\"alignnone size-full wp-image-3782\" src=\"https:\/\/diecezja.bielsko.pl\/dla-rodziny\/wp-content\/uploads\/sites\/3\/2023\/03\/drew-hays-tGYrlchfObE-unsplash.jpg\" alt=\"\" width=\"1000\" height=\"1500\" srcset=\"https:\/\/diecezja.bielsko.pl\/dla-rodziny\/wp-content\/uploads\/sites\/3\/2023\/03\/drew-hays-tGYrlchfObE-unsplash.jpg 1000w, https:\/\/diecezja.bielsko.pl\/dla-rodziny\/wp-content\/uploads\/sites\/3\/2023\/03\/drew-hays-tGYrlchfObE-unsplash-400x600.jpg 400w, https:\/\/diecezja.bielsko.pl\/dla-rodziny\/wp-content\/uploads\/sites\/3\/2023\/03\/drew-hays-tGYrlchfObE-unsplash-760x1140.jpg 760w, https:\/\/diecezja.bielsko.pl\/dla-rodziny\/wp-content\/uploads\/sites\/3\/2023\/03\/drew-hays-tGYrlchfObE-unsplash-300x450.jpg 300w\" sizes=\"auto, (max-width: 1000px) 100vw, 1000px\" \/><\/p>\n<h6>fot. CDC\/Unsplash<\/h6>\n","protected":false},"excerpt":{"rendered":"<p>\u201eJe\u017celi mamy do czynienia z nowym \u017cyciem, to czy mo\u017cemy je zabija\u0107, czy mo\u017cemy nim manipulowa\u0107, czy mamy prawo pocz\u0119tego cz\u0142owieka zamra\u017ca\u0107?\u201d \u2013 to s\u0105 pytania, kt\u00f3re, zdaniem dr nauk medycznych El\u017cbiety Kortyczko, powinny rodzi\u0107 si\u0119 w zetkni\u0119ciu z nowoczesnymi technikami zap\u0142odnienia pozaustrojowego. Prezes Katolickiego Stowarzyszenia Lekarzy Polskich zaznacza, \u017ce [&hellip;]<\/p>\n","protected":false},"author":3,"featured_media":3782,"comment_status":"closed","ping_status":"closed","sticky":false,"template":"","format":"standard","meta":{"footnotes":""},"categories":[1],"tags":[],"class_list":["post-3777","post","type-post","status-publish","format-standard","has-post-thumbnail","hentry","category-bez-kategorii"],"_links":{"self":[{"href":"https:\/\/diecezja.bielsko.pl\/dla-rodziny\/wp-json\/wp\/v2\/posts\/3777","targetHints":{"allow":["GET"]}}],"collection":[{"href":"https:\/\/diecezja.bielsko.pl\/dla-rodziny\/wp-json\/wp\/v2\/posts"}],"about":[{"href":"https:\/\/diecezja.bielsko.pl\/dla-rodziny\/wp-json\/wp\/v2\/types\/post"}],"author":[{"embeddable":true,"href":"https:\/\/diecezja.bielsko.pl\/dla-rodziny\/wp-json\/wp\/v2\/users\/3"}],"replies":[{"embeddable":true,"href":"https:\/\/diecezja.bielsko.pl\/dla-rodziny\/wp-json\/wp\/v2\/comments?post=3777"}],"version-history":[{"count":0,"href":"https:\/\/diecezja.bielsko.pl\/dla-rodziny\/wp-json\/wp\/v2\/posts\/3777\/revisions"}],"wp:featuredmedia":[{"embeddable":true,"href":"https:\/\/diecezja.bielsko.pl\/dla-rodziny\/wp-json\/wp\/v2\/media\/3782"}],"wp:attachment":[{"href":"https:\/\/diecezja.bielsko.pl\/dla-rodziny\/wp-json\/wp\/v2\/media?parent=3777"}],"wp:term":[{"taxonomy":"category","embeddable":true,"href":"https:\/\/diecezja.bielsko.pl\/dla-rodziny\/wp-json\/wp\/v2\/categories?post=3777"},{"taxonomy":"post_tag","embeddable":true,"href":"https:\/\/diecezja.bielsko.pl\/dla-rodziny\/wp-json\/wp\/v2\/tags?post=3777"}],"curies":[{"name":"wp","href":"https:\/\/api.w.org\/{rel}","templated":true}]}}